{"id":470,"date":"2021-02-16T18:22:39","date_gmt":"2021-02-16T17:22:39","guid":{"rendered":"http:\/\/www.senior.drwinia.pl\/?p=470"},"modified":"2021-02-16T18:30:24","modified_gmt":"2021-02-16T17:30:24","slug":"ogloszenie-o-naborze-na-stanowisko-pracy-pracownik-gospodarczy-osoba-sprzatajaca-sprzataczka-sprzatacz-1-osoba-x-05-etatu","status":"publish","type":"post","link":"https:\/\/senior.drwinia.pl\/?p=470","title":{"rendered":"Og\u0142oszenie o naborze na stanowisko pracy &#8211; pracownik gospodarczy (osoba sprz\u0105taj\u0105ca &#8211; sprz\u0105taczka\/sprz\u0105tacz) &#8211; 1 osoba x 0,5 etatu"},"content":{"rendered":"<p>Kierownik Gminnego O\u015brodka Pomocy Spo\u0142ecznej w Drwini og\u0142asza nab\u00f3r kandydat\u00f3w na wolne stanowisko pracy: <strong>pracownik gospodarczy (osoba sprz\u0105taj\u0105ca &#8211; sprz\u0105taczka\/sprz\u0105tacz) \u2013 1 osoba x 0,5 etatu<\/strong> w ramach projektu pn. &#8222;Utworzenie plac\u00f3wki zapewniaj\u0105cej dzienn\u0105 opiek\u0119 i aktywizacj\u0119 os\u00f3b niesamodzielnych na terenie Gminy Drwinia\u201d numer projektu RPMP.09.02.03-12- 0443\/19 realizowanego w ramach Regionalnego Programu Operacyjnego Wojew\u00f3dztwa Ma\u0142opolskiego na lata 2014 \u2013 2020.<\/p>\n<p><!--more--><\/p>\n<p><span style=\"font-size: 1rem;\">Szczeg\u00f3\u0142owe informacje dotycz\u0105ce naboru znajduj\u0105 si\u0119 w za\u0142\u0105cznikach.<\/span><\/p>\n<p><span style=\"font-size: 1rem;\">Informacje mo\u017cna r\u00f3wnie\u017c uzyska\u0107 w Gminnym O\u015brodku Pomocy Spo\u0142ecznej w Drwini pod numerem telefonu 12 2817602.<\/span><\/p>\n<ol>\n<li><a href=\"https:\/\/senior.drwinia.pl\/wp-content\/uploads\/2021\/02\/nabor-pracownik-gospodarczy-1613485648.pdf\">Og\u0142oszenie o naborze &#8211; pracownik gospodarczy (osoba sprz\u0105taj\u0105ca &#8211; sprz\u0105taczka\/sprz\u0105tacz) \u2013 1 osoba x 0,5 etatu<\/a><\/li>\n<li><a href=\"https:\/\/senior.drwinia.pl\/wp-content\/uploads\/2021\/02\/klauzula-informacyjna-dla-potrzeb-rekrutacji-2020-1613485673.docx\"> Klauzula informacyjna RODO<\/a><\/li>\n<\/ol>\n<p>&nbsp;<\/p>\n","protected":false},"excerpt":{"rendered":"<p>Kierownik Gminnego O\u015brodka Pomocy Spo\u0142ecznej w Drwini og\u0142asza nab\u00f3r kandydat\u00f3w na wolne stanowisko pracy: pracownik gospodarczy (osoba sprz\u0105taj\u0105ca &#8211; sprz\u0105taczka\/sprz\u0105tacz) \u2013 1 osoba x 0,5 etatu w ramach projektu pn. &#8222;Utworzenie plac\u00f3wki zapewniaj\u0105cej dzienn\u0105 opiek\u0119 i aktywizacj\u0119 os\u00f3b niesamodzielnych na terenie Gminy Drwinia\u201d numer projektu RPMP.09.02.03-12- 0443\/19 realizowanego w ramach Regionalnego Programu Operacyjnego Wojew\u00f3dztwa Ma\u0142opolskiego &hellip; <\/p>\n<p class=\"link-more\"><a href=\"https:\/\/senior.drwinia.pl\/?p=470\" class=\"more-link\">Czytaj dalej<span class=\"screen-reader-text\"> Og\u0142oszenie o naborze na stanowisko pracy &#8211; pracownik gospodarczy (osoba sprz\u0105taj\u0105ca &#8211; sprz\u0105taczka\/sprz\u0105tacz) &#8211; 1 osoba x 0,5 etatu<\/span><\/a><\/p>\n","protected":false},"author":1,"featured_media":0,"comment_status":"closed","ping_status":"closed","sticky":false,"template":"","format":"standard","meta":{"footnotes":""},"categories":[5],"tags":[],"class_list":["post-470","post","type-post","status-publish","format-standard","hentry","category-gl"],"_links":{"self":[{"href":"https:\/\/senior.drwinia.pl\/index.php?rest_route=\/wp\/v2\/posts\/470","targetHints":{"allow":["GET"]}}],"collection":[{"href":"https:\/\/senior.drwinia.pl\/index.php?rest_route=\/wp\/v2\/posts"}],"about":[{"href":"https:\/\/senior.drwinia.pl\/index.php?rest_route=\/wp\/v2\/types\/post"}],"author":[{"embeddable":true,"href":"https:\/\/senior.drwinia.pl\/index.php?rest_route=\/wp\/v2\/users\/1"}],"replies":[{"embeddable":true,"href":"https:\/\/senior.drwinia.pl\/index.php?rest_route=%2Fwp%2Fv2%2Fcomments&post=470"}],"version-history":[{"count":4,"href":"https:\/\/senior.drwinia.pl\/index.php?rest_route=\/wp\/v2\/posts\/470\/revisions"}],"predecessor-version":[{"id":485,"href":"https:\/\/senior.drwinia.pl\/index.php?rest_route=\/wp\/v2\/posts\/470\/revisions\/485"}],"wp:attachment":[{"href":"https:\/\/senior.drwinia.pl\/index.php?rest_route=%2Fwp%2Fv2%2Fmedia&parent=470"}],"wp:term":[{"taxonomy":"category","embeddable":true,"href":"https:\/\/senior.drwinia.pl\/index.php?rest_route=%2Fwp%2Fv2%2Fcategories&post=470"},{"taxonomy":"post_tag","embeddable":true,"href":"https:\/\/senior.drwinia.pl\/index.php?rest_route=%2Fwp%2Fv2%2Ftags&post=470"}],"curies":[{"name":"wp","href":"https:\/\/api.w.org\/{rel}","templated":true}]}}